{"id":18013,"date":"2026-09-03T12:26:47","date_gmt":"2026-09-03T10:26:47","guid":{"rendered":"https:\/\/sollerbenamunt.com\/?p=18013"},"modified":"2026-09-03T12:27:56","modified_gmt":"2026-09-03T10:27:56","slug":"pakistan-sommer-2026-ein-abenteuer-im-herzen-des-karakorum","status":"publish","type":"post","link":"https:\/\/sollerbenamunt.com\/de\/pakistan-sommer-2026-ein-abenteuer-im-herzen-des-karakorum\/","title":{"rendered":"Pakistan, Sommer 2026: Ein Abenteuer im Herzen des Karakorum"},"content":{"rendered":"\n<p class=\"wp-block-paragraph\">Diesen Sommer f\u00fchrte uns <strong>S\u00f3ller Ben Amunt<\/strong> in eine der entlegensten und spektakul\u00e4rsten Regionen der Erde: in den Norden Pakistans. Eine Gruppe Mallorquiner mit gro\u00dfer Abenteuerlust nahm an dieser Reise teil \u2013 unserer ersten Trekkingexpedition in Pakistan. Fast zwei Wochen lang erkundeten wir einige der wildesten Landschaften des Karakorum, umgeben von Gletschern, gewaltigen Granitw\u00e4nden und einigen der h\u00f6chsten Berge der Erde.<\/p>\n\n\n<div class=\"wp-block-image\">\n<figure class=\"aligncenter size-medium\"><img loading=\"lazy\" decoding=\"async\" width=\"225\" height=\"300\" src=\"https:\/\/sollerbenamunt.com\/wp-content\/uploads\/2026\/09\/20260811_115806-225x300.jpg?wsr\" alt=\"\" class=\"wp-image-17979\" srcset=\"https:\/\/sollerbenamunt.com\/wp-content\/uploads\/2026\/09\/20260811_115806-225x300.jpg 225w, https:\/\/sollerbenamunt.com\/wp-content\/uploads\/2026\/09\/20260811_115806-768x1024.jpg 768w, https:\/\/sollerbenamunt.com\/wp-content\/uploads\/2026\/09\/20260811_115806-1152x1536.jpg 1152w, https:\/\/sollerbenamunt.com\/wp-content\/uploads\/2026\/09\/20260811_115806-1536x2048.jpg 1536w, https:\/\/sollerbenamunt.com\/wp-content\/uploads\/2026\/09\/20260811_115806-500x667.jpg 500w, https:\/\/sollerbenamunt.com\/wp-content\/uploads\/2026\/09\/20260811_115806-scaled.jpg 1920w\" sizes=\"auto, (max-width: 225px) 100vw, 225px\" \/><figcaption class=\"wp-element-caption\">K2<\/figcaption><\/figure>\n<\/div>\n\n\n<h2 class=\"wp-block-heading\">Der Karakorum und die gro\u00dfen Achttausender<\/h2>\n\n\n\n<p class=\"wp-block-paragraph\">Der Karakorum erstreckt sich im Norden Pakistans und beherbergt, gemeinsam mit dem Himalaya, einige der beeindruckendsten Berge der Welt. F\u00fcnf der vierzehn Achttausender der Erde befinden sich in diesem Gebirge.<\/p>\n\n\n\n<p class=\"wp-block-paragraph\">Und unter ihnen ragt einer ganz besonders hervor: der <strong>K2 (Chhogori in der Sprache der Balti)<\/strong>. Mit seinen 8.611 Metern ist er der zweith\u00f6chste Berg der Erde.<\/p>\n\n\n\n<p class=\"wp-block-paragraph\">Doch den Fu\u00df des K2 zu erreichen, ist alles andere als einfach. Es gibt keine Stra\u00dfen und kaum Infrastruktur, die einen einfachen Zugang zu dieser abgelegenen Region erm\u00f6glichen. Um dorthin zu gelangen, muss man tagelang durch eine gewaltige Landschaft wandern, weit entfernt von der Zivilisation und entlang eines der gro\u00dfen Gletscher des Karakorum.<\/p>\n\n\n<div class=\"wp-block-image\">\n<figure class=\"aligncenter size-medium\"><img loading=\"lazy\" decoding=\"async\" width=\"225\" height=\"300\" src=\"https:\/\/sollerbenamunt.com\/wp-content\/uploads\/2026\/09\/20260815_090942-225x300.jpg?wsr\" alt=\"\" class=\"wp-image-17987\" srcset=\"https:\/\/sollerbenamunt.com\/wp-content\/uploads\/2026\/09\/20260815_090942-225x300.jpg 225w, https:\/\/sollerbenamunt.com\/wp-content\/uploads\/2026\/09\/20260815_090942-432x576.jpg 432w, https:\/\/sollerbenamunt.com\/wp-content\/uploads\/2026\/09\/20260815_090942-768x1024-1.jpg 768w, https:\/\/sollerbenamunt.com\/wp-content\/uploads\/2026\/09\/20260815_090942-1152x1536-1.jpg 1152w, https:\/\/sollerbenamunt.com\/wp-content\/uploads\/2026\/09\/20260815_090942-1536x2048-1.jpg 1536w, https:\/\/sollerbenamunt.com\/wp-content\/uploads\/2026\/09\/20260815_090942-500x667-1.jpg 500w, https:\/\/sollerbenamunt.com\/wp-content\/uploads\/2026\/09\/20260815_090942-scaled-1.jpg 1920w\" sizes=\"auto, (max-width: 225px) 100vw, 225px\" \/><figcaption class=\"wp-element-caption\">Karakorum<\/figcaption><\/figure>\n<\/div>\n\n\n<h2 class=\"wp-block-heading\">12 Tage am Baltoro-Gletscher<\/h2>\n\n\n\n<p class=\"wp-block-paragraph\"><strong>Zw\u00f6lf Tage lang<\/strong> folgten wir dem Baltoro-Gletscher, einem der l\u00e4ngsten Gebirgsgletscher der Welt.<\/p>\n\n\n\n<p class=\"wp-block-paragraph\">Mit jedem Tag wurde die Landschaft spektakul\u00e4rer. Die Berge r\u00fcckten immer n\u00e4her, w\u00e4hrend gewaltige Granitt\u00fcrme uns auf allen Seiten umgaben.<\/p>\n\n\n\n<p class=\"wp-block-paragraph\">Unser erstes gro\u00dfes Ziel war <strong>Concordia<\/strong>, der Punkt, an dem der Baltoro- und der Godwin-Austen-Gletscher zusammentreffen.<\/p>\n\n\n\n<p class=\"wp-block-paragraph\">Concordia ist einer dieser Orte, die sich nur schwer in Worte fassen lassen. Wir befanden uns umgeben von einigen der beeindruckendsten Bergen unseres Planeten: den Gasherbrums, dem Broad Peak und, den Horizont beherrschend, dem K2.<\/p>\n\n\n\n<p class=\"wp-block-paragraph\">Nach mehreren Tagen zwischen Gletschern und Bergen war die Ankunft in Concordia einer der gro\u00dfen H\u00f6hepunkte unserer Reise.<\/p>\n\n\n<div class=\"wp-block-image\">\n<figure class=\"aligncenter size-medium\"><img loading=\"lazy\" decoding=\"async\" width=\"225\" height=\"300\" src=\"https:\/\/sollerbenamunt.com\/wp-content\/uploads\/2026\/09\/20260811_105248-225x300.jpg?wsr\" alt=\"\" class=\"wp-image-17991\" srcset=\"https:\/\/sollerbenamunt.com\/wp-content\/uploads\/2026\/09\/20260811_105248-225x300.jpg 225w, https:\/\/sollerbenamunt.com\/wp-content\/uploads\/2026\/09\/20260811_105248-432x576.jpg 432w, https:\/\/sollerbenamunt.com\/wp-content\/uploads\/2026\/09\/20260811_105248-768x1024-1.jpg 768w, https:\/\/sollerbenamunt.com\/wp-content\/uploads\/2026\/09\/20260811_105248-1152x1536-1.jpg 1152w, https:\/\/sollerbenamunt.com\/wp-content\/uploads\/2026\/09\/20260811_105248-1536x2048-1.jpg 1536w, https:\/\/sollerbenamunt.com\/wp-content\/uploads\/2026\/09\/20260811_105248-500x667-1.jpg 500w, https:\/\/sollerbenamunt.com\/wp-content\/uploads\/2026\/09\/20260811_105248-scaled-1.jpg 1920w\" sizes=\"auto, (max-width: 225px) 100vw, 225px\" \/><figcaption class=\"wp-element-caption\">G-IV<\/figcaption><\/figure>\n<\/div>\n\n\n<h2 class=\"wp-block-heading\">Gondogoro La: die gro\u00dfe Herausforderung<\/h2>\n\n\n\n<p class=\"wp-block-paragraph\">Doch der anspruchsvollste Teil unserer Tour lag noch vor uns.<\/p>\n\n\n\n<p class=\"wp-block-paragraph\">Der <strong>Gondogoro La<\/strong>, ein Gebirgspass auf \u00fcber 5.580 Metern H\u00f6he, war die gro\u00dfe Herausforderung, bevor wir unseren Abstieg in Richtung Hushe-Tal begannen.<\/p>\n\n\n\n<p class=\"wp-block-paragraph\">Die \u00dcberquerung des Passes erforderte Kraft, Konzentration und die F\u00e4higkeit, sich an die Bedingungen im Hochgebirge anzupassen. Nach mehreren Tagen in H\u00f6hen von \u00fcber 4.000 Metern machte sich die M\u00fcdigkeit bereits bemerkbar. Gleichzeitig wuchs der Wunsch, den h\u00f6chsten Punkt unserer Reise zu erreichen.<\/p>\n\n\n\n<p class=\"wp-block-paragraph\">Vom Pass aus war die Belohnung \u00fcberw\u00e4ltigend: eine unvergessliche Hochgebirgslandschaft und das Gef\u00fchl, eine der abgelegensten Regionen des Karakorum durchquert zu haben.<\/p>\n\n\n\n<p class=\"wp-block-paragraph\">Von hier aus begann der Abstieg.<\/p>\n\n\n\n<p class=\"wp-block-paragraph\">Nach und nach blieben die gro\u00dfen Berge hinter uns, w\u00e4hrend wir durch das Hushe-Tal weitergingen und langsam wieder in Richtung Zivilisation zur\u00fcckkehrten.<\/p>\n\n\n<div class=\"wp-block-image\">\n<figure class=\"aligncenter size-medium\"><img loading=\"lazy\" decoding=\"async\" width=\"225\" height=\"300\" src=\"https:\/\/sollerbenamunt.com\/wp-content\/uploads\/2026\/09\/20260814_042912-225x300.jpg?wsr\" alt=\"\" class=\"wp-image-17995\" srcset=\"https:\/\/sollerbenamunt.com\/wp-content\/uploads\/2026\/09\/20260814_042912-225x300.jpg 225w, https:\/\/sollerbenamunt.com\/wp-content\/uploads\/2026\/09\/20260814_042912-432x576.jpg 432w, https:\/\/sollerbenamunt.com\/wp-content\/uploads\/2026\/09\/20260814_042912-768x1024-1.jpg 768w, https:\/\/sollerbenamunt.com\/wp-content\/uploads\/2026\/09\/20260814_042912-1536x2048-1.jpg 1536w, https:\/\/sollerbenamunt.com\/wp-content\/uploads\/2026\/09\/20260814_042912-1152x1536-1.jpg 1152w, https:\/\/sollerbenamunt.com\/wp-content\/uploads\/2026\/09\/20260814_042912-500x667-1.jpg 500w, https:\/\/sollerbenamunt.com\/wp-content\/uploads\/2026\/09\/20260814_042912-scaled-1.jpg 1920w\" sizes=\"auto, (max-width: 225px) 100vw, 225px\" \/><figcaption class=\"wp-element-caption\">Gondogoro La (5.585m)<\/figcaption><\/figure>\n<\/div>\n\n\n<h2 class=\"wp-block-heading\">Ein Abenteuer, das ohne sie nicht m\u00f6glich w\u00e4re<\/h2>\n\n\n\n<p class=\"wp-block-paragraph\">Eine Trekkingtour dieser Art w\u00e4re ohne all jene Menschen, die jeden Tag daf\u00fcr sorgen, dass alles funktioniert, nicht m\u00f6glich.<\/p>\n\n\n\n<p class=\"wp-block-paragraph\"><strong>Tr\u00e4ger, K\u00f6che, lokale Bergf\u00fchrer und das gesamte pakistanische Team<\/strong> waren ein wesentlicher Bestandteil unserer Expedition. Tag f\u00fcr Tag transportierten sie das Material, bauten die Camps auf und ab, bereiteten unsere Mahlzeiten zu und k\u00fcmmerten sich um all die Details, die ein Trekking \u00fcber mehrere Wochen in einer derart abgelegenen Region \u00fcberhaupt erm\u00f6glichen.<\/p>\n\n\n\n<p class=\"wp-block-paragraph\">Neben den Bergen und Landschaften war auch die gemeinsame Zeit mit ihnen eine der gro\u00dfen Erfahrungen, die wir von dieser Reise mit nach Hause genommen haben.<\/p>\n\n\n<div class=\"wp-block-image\">\n<figure class=\"aligncenter size-medium\"><img loading=\"lazy\" decoding=\"async\" width=\"225\" height=\"300\" src=\"https:\/\/sollerbenamunt.com\/wp-content\/uploads\/2026\/09\/20260815_103509-225x300.jpg?wsr\" alt=\"\" class=\"wp-image-17999\" srcset=\"https:\/\/sollerbenamunt.com\/wp-content\/uploads\/2026\/09\/20260815_103509-225x300.jpg 225w, https:\/\/sollerbenamunt.com\/wp-content\/uploads\/2026\/09\/20260815_103509-432x576-1.jpg 432w, https:\/\/sollerbenamunt.com\/wp-content\/uploads\/2026\/09\/20260815_103509-768x1024-1.jpg 768w, https:\/\/sollerbenamunt.com\/wp-content\/uploads\/2026\/09\/20260815_103509-1152x1536-1.jpg 1152w, https:\/\/sollerbenamunt.com\/wp-content\/uploads\/2026\/09\/20260815_103509-1536x2048-1.jpg 1536w, https:\/\/sollerbenamunt.com\/wp-content\/uploads\/2026\/09\/20260815_103509-500x667-1.jpg 500w, https:\/\/sollerbenamunt.com\/wp-content\/uploads\/2026\/09\/20260815_103509-scaled-1.jpg 1920w\" sizes=\"auto, (max-width: 225px) 100vw, 225px\" \/><figcaption class=\"wp-element-caption\">Porters<\/figcaption><\/figure>\n<\/div>\n\n\n<h2 class=\"wp-block-heading\">Nanga Parbat: ein letztes Geschenk<\/h2>\n\n\n\n<p class=\"wp-block-paragraph\">Nachdem wir das Trekking durch den Baltoro und \u00fcber den Gondogoro La abgeschlossen hatten, erwartete uns noch ein letzter H\u00f6hepunkt, bevor unser Abenteuer zu Ende ging.<\/p>\n\n\n\n<p class=\"wp-block-paragraph\">Auf dem R\u00fcckweg nach Islamabad machten wir einen Abstecher zum <strong>Nanga Parbat<\/strong>, dem sogenannten <em>Killer Mountain<\/em>.<\/p>\n\n\n\n<p class=\"wp-block-paragraph\">Mit 8.126 Metern ist er einer der gro\u00dfen Achttausender Pakistans und der einzige der f\u00fcnf pakistanischen Achttausender, den wir w\u00e4hrend unserer Tour durch den Karakorum noch nicht gesehen hatten.<\/p>\n\n\n\n<p class=\"wp-block-paragraph\">Dort verbrachten wir einige ganz andere Tage am Fu\u00df dieses gewaltigen Berges, umgeben von gr\u00fcnen, bl\u00fchenden Wiesen. Ein spektakul\u00e4rer Kontrast zu den Gletschern, Felsen und kargen Landschaften des Baltoro.<\/p>\n\n\n<div class=\"wp-block-image\">\n<figure class=\"aligncenter size-medium\"><img loading=\"lazy\" decoding=\"async\" width=\"225\" height=\"300\" src=\"https:\/\/sollerbenamunt.com\/wp-content\/uploads\/2026\/09\/20260818_175620-225x300.jpg?wsr\" alt=\"\" class=\"wp-image-18003\" srcset=\"https:\/\/sollerbenamunt.com\/wp-content\/uploads\/2026\/09\/20260818_175620-225x300.jpg 225w, https:\/\/sollerbenamunt.com\/wp-content\/uploads\/2026\/09\/20260818_175620-432x576-1.jpg 432w, https:\/\/sollerbenamunt.com\/wp-content\/uploads\/2026\/09\/20260818_175620-768x1024-1.jpg 768w, https:\/\/sollerbenamunt.com\/wp-content\/uploads\/2026\/09\/20260818_175620-1152x1536-1.jpg 1152w, https:\/\/sollerbenamunt.com\/wp-content\/uploads\/2026\/09\/20260818_175620-1536x2048-1.jpg 1536w, https:\/\/sollerbenamunt.com\/wp-content\/uploads\/2026\/09\/20260818_175620-500x667-1.jpg 500w, https:\/\/sollerbenamunt.com\/wp-content\/uploads\/2026\/09\/20260818_175620-scaled-1.jpg 1920w\" sizes=\"auto, (max-width: 225px) 100vw, 225px\" \/><figcaption class=\"wp-element-caption\">Nanga Parbat<\/figcaption><\/figure>\n<\/div>\n\n\n<h2 class=\"wp-block-heading\">Pakistan \u2013 eine unvergessliche Erfahrung<\/h2>\n\n\n\n<p class=\"wp-block-paragraph\">Nach vielen Tagen zu Fu\u00df, N\u00e4chten in Bergcamps, Gletscher\u00fcberquerungen und unz\u00e4hligen gemeinsamen Stunden in den Bergen kehrten wir mit einem Rucksack voller Erinnerungen und Erfahrungen nach Hause zur\u00fcck.<\/p>\n\n\n\n<p class=\"wp-block-paragraph\">Pakistan hat uns mit der gewaltigen Dimension seiner Landschaften, seinen Menschen und vor allem mit dem Gef\u00fchl \u00fcberrascht, ein echtes Abenteuer fernab der Zivilisation erlebt zu haben.<\/p>\n\n\n\n<p class=\"wp-block-paragraph\"><strong>Eine unvergessliche Erfahrung f\u00fcr die gesamte Gruppe.<\/strong><\/p>\n\n\n\n<p class=\"wp-block-paragraph\">Und wir denken bereits an das n\u00e4chste Abenteuer.<\/p>\n\n\n\n<p class=\"wp-block-paragraph\"><strong>Die n\u00e4chste Trekkingreise von S\u00f3ller Ben Amunt f\u00fchrt uns diesen November nach Nepal.<\/strong><\/p>\n\n\n\n<p class=\"wp-block-paragraph\">Kommst du mit?<\/p>\n","protected":false},"excerpt":{"rendered":"<p>Diesen Sommer f\u00fchrte uns S\u00f3ller Ben Amunt in eine der entlegensten und spektakul\u00e4rsten Regionen der Erde: in den Norden Pakistans. Eine Gruppe Mallorquiner mit gro\u00dfer Abenteuerlust nahm an dieser Reise teil \u2013 unserer ersten Trekkingexpedition in Pakistan. Fast zwei Wochen lang erkundeten wir einige der wildesten Landschaften des Karakorum, umgeben von Gletschern, gewaltigen Granitw\u00e4nden und &#8230;<\/p>\n","protected":false},"author":2,"featured_media":17985,"comment_status":"open","ping_status":"open","sticky":false,"template":"","format":"standard","meta":{"_acf_changed":false,"inline_featured_image":false,"footnotes":""},"categories":[157],"tags":[],"class_list":["post-18013","post","type-post","status-publish","format-standard","has-post-thumbnail","hentry","category-trekking-de"],"acf":[],"yoast_head":"<!-- This site is optimized with the Yoast SEO plugin v28.4 - https:\/\/yoast.com\/product\/yoast-seo-wordpress\/ -->\n<title>Pakistan, Sommer 2026 | S\u00d3LLER BEN AMUNT<\/title>\n<meta name=\"description\" content=\"Entdecke unser Trekking-Abenteuer in Pakistan: 12 Tage im Karakorum, Baltoro-Gletscher, K2, Gondogoro La und Nanga Parbat.\" \/>\n<meta name=\"robots\" content=\"index, follow, max-snippet:-1, max-image-preview:large, max-video-preview:-1\" \/>\n<link rel=\"canonical\" href=\"https:\/\/sollerbenamunt.com\/de\/pakistan-sommer-2026-ein-abenteuer-im-herzen-des-karakorum\/\" \/>\n<meta property=\"og:locale\" content=\"de_DE\" \/>\n<meta property=\"og:type\" content=\"article\" \/>\n<meta property=\"og:title\" content=\"Pakistan, Sommer 2026 | S\u00d3LLER BEN AMUNT\" \/>\n<meta property=\"og:description\" content=\"Entdecke unser Trekking-Abenteuer in Pakistan: 12 Tage im Karakorum, Baltoro-Gletscher, K2, Gondogoro La und Nanga Parbat.\" \/>\n<meta property=\"og:url\" content=\"https:\/\/sollerbenamunt.com\/de\/pakistan-sommer-2026-ein-abenteuer-im-herzen-des-karakorum\/\" \/>\n<meta property=\"og:site_name\" content=\"S\u00d3LLER BEN AMUNT\" \/>\n<meta property=\"article:publisher\" content=\"https:\/\/www.facebook.com\/sollerbenamunt\" \/>\n<meta property=\"article:published_time\" content=\"2026-09-03T10:26:47+00:00\" \/>\n<meta property=\"article:modified_time\" content=\"2026-09-03T10:27:56+00:00\" \/>\n<meta property=\"og:image\" content=\"https:\/\/sollerbenamunt.com\/wp-content\/uploads\/2026\/09\/20260808_093526-scaled.jpg?wsr\" \/>\n\t<meta property=\"og:image:width\" content=\"2560\" \/>\n\t<meta property=\"og:image:height\" content=\"1920\" \/>\n\t<meta property=\"og:image:type\" content=\"image\/jpeg\" \/>\n<meta name=\"author\" content=\"SollerBenamunt\" \/>\n<meta name=\"twitter:card\" content=\"summary_large_image\" \/>\n<meta name=\"twitter:label1\" content=\"Verfasst von\" \/>\n\t<meta name=\"twitter:data1\" content=\"SollerBenamunt\" \/>\n\t<meta name=\"twitter:label2\" content=\"Gesch\u00e4tzte Lesezeit\" \/>\n\t<meta name=\"twitter:data2\" content=\"6\u00a0Minuten\" \/>\n<script type=\"application\/ld+json\" class=\"yoast-schema-graph\">{\"@context\":\"https:\\\/\\\/schema.org\",\"@graph\":[{\"@type\":\"Article\",\"@id\":\"https:\\\/\\\/sollerbenamunt.com\\\/de\\\/pakistan-sommer-2026-ein-abenteuer-im-herzen-des-karakorum\\\/#article\",\"isPartOf\":{\"@id\":\"https:\\\/\\\/sollerbenamunt.com\\\/de\\\/pakistan-sommer-2026-ein-abenteuer-im-herzen-des-karakorum\\\/\"},\"author\":{\"name\":\"SollerBenamunt\",\"@id\":\"https:\\\/\\\/sollerbenamunt.com\\\/de\\\/#\\\/schema\\\/person\\\/1d5f898bdd8c26ad08da557feaad1cbc\"},\"headline\":\"Pakistan, Sommer 2026: Ein Abenteuer im Herzen des Karakorum\",\"datePublished\":\"2026-09-03T10:26:47+00:00\",\"dateModified\":\"2026-09-03T10:27:56+00:00\",\"mainEntityOfPage\":{\"@id\":\"https:\\\/\\\/sollerbenamunt.com\\\/de\\\/pakistan-sommer-2026-ein-abenteuer-im-herzen-des-karakorum\\\/\"},\"wordCount\":788,\"commentCount\":0,\"publisher\":{\"@id\":\"https:\\\/\\\/sollerbenamunt.com\\\/de\\\/#organization\"},\"image\":{\"@id\":\"https:\\\/\\\/sollerbenamunt.com\\\/de\\\/pakistan-sommer-2026-ein-abenteuer-im-herzen-des-karakorum\\\/#primaryimage\"},\"thumbnailUrl\":\"https:\\\/\\\/sollerbenamunt.com\\\/wp-content\\\/uploads\\\/2026\\\/09\\\/20260808_093526-scaled.jpg?wsr\",\"articleSection\":[\"Trekking\"],\"inLanguage\":\"de\",\"potentialAction\":[{\"@type\":\"CommentAction\",\"name\":\"Comment\",\"target\":[\"https:\\\/\\\/sollerbenamunt.com\\\/de\\\/pakistan-sommer-2026-ein-abenteuer-im-herzen-des-karakorum\\\/#respond\"]}]},{\"@type\":\"WebPage\",\"@id\":\"https:\\\/\\\/sollerbenamunt.com\\\/de\\\/pakistan-sommer-2026-ein-abenteuer-im-herzen-des-karakorum\\\/\",\"url\":\"https:\\\/\\\/sollerbenamunt.com\\\/de\\\/pakistan-sommer-2026-ein-abenteuer-im-herzen-des-karakorum\\\/\",\"name\":\"Pakistan, Sommer 2026 | S\u00d3LLER BEN AMUNT\",\"isPartOf\":{\"@id\":\"https:\\\/\\\/sollerbenamunt.com\\\/de\\\/#website\"},\"primaryImageOfPage\":{\"@id\":\"https:\\\/\\\/sollerbenamunt.com\\\/de\\\/pakistan-sommer-2026-ein-abenteuer-im-herzen-des-karakorum\\\/#primaryimage\"},\"image\":{\"@id\":\"https:\\\/\\\/sollerbenamunt.com\\\/de\\\/pakistan-sommer-2026-ein-abenteuer-im-herzen-des-karakorum\\\/#primaryimage\"},\"thumbnailUrl\":\"https:\\\/\\\/sollerbenamunt.com\\\/wp-content\\\/uploads\\\/2026\\\/09\\\/20260808_093526-scaled.jpg?wsr\",\"datePublished\":\"2026-09-03T10:26:47+00:00\",\"dateModified\":\"2026-09-03T10:27:56+00:00\",\"description\":\"Entdecke unser Trekking-Abenteuer in Pakistan: 12 Tage im Karakorum, Baltoro-Gletscher, K2, Gondogoro La und Nanga Parbat.\",\"breadcrumb\":{\"@id\":\"https:\\\/\\\/sollerbenamunt.com\\\/de\\\/pakistan-sommer-2026-ein-abenteuer-im-herzen-des-karakorum\\\/#breadcrumb\"},\"inLanguage\":\"de\",\"potentialAction\":[{\"@type\":\"ReadAction\",\"target\":[\"https:\\\/\\\/sollerbenamunt.com\\\/de\\\/pakistan-sommer-2026-ein-abenteuer-im-herzen-des-karakorum\\\/\"]}]},{\"@type\":\"ImageObject\",\"inLanguage\":\"de\",\"@id\":\"https:\\\/\\\/sollerbenamunt.com\\\/de\\\/pakistan-sommer-2026-ein-abenteuer-im-herzen-des-karakorum\\\/#primaryimage\",\"url\":\"https:\\\/\\\/sollerbenamunt.com\\\/wp-content\\\/uploads\\\/2026\\\/09\\\/20260808_093526-scaled.jpg?wsr\",\"contentUrl\":\"https:\\\/\\\/sollerbenamunt.com\\\/wp-content\\\/uploads\\\/2026\\\/09\\\/20260808_093526-scaled.jpg?wsr\",\"width\":2560,\"height\":1920},{\"@type\":\"BreadcrumbList\",\"@id\":\"https:\\\/\\\/sollerbenamunt.com\\\/de\\\/pakistan-sommer-2026-ein-abenteuer-im-herzen-des-karakorum\\\/#breadcrumb\",\"itemListElement\":[{\"@type\":\"ListItem\",\"position\":1,\"name\":\"Portada\",\"item\":\"https:\\\/\\\/sollerbenamunt.com\\\/de\\\/\"},{\"@type\":\"ListItem\",\"position\":2,\"name\":\"Pakistan, Sommer 2026: Ein Abenteuer im Herzen des Karakorum\"}]},{\"@type\":\"WebSite\",\"@id\":\"https:\\\/\\\/sollerbenamunt.com\\\/de\\\/#website\",\"url\":\"https:\\\/\\\/sollerbenamunt.com\\\/de\\\/\",\"name\":\"S\u00d3LLER BEN AMUNT\",\"description\":\"Wandern und Trailrunning auf Mallorca\",\"publisher\":{\"@id\":\"https:\\\/\\\/sollerbenamunt.com\\\/de\\\/#organization\"},\"alternateName\":\"S\u00d3LLER BEN AMUNT\",\"potentialAction\":[{\"@type\":\"SearchAction\",\"target\":{\"@type\":\"EntryPoint\",\"urlTemplate\":\"https:\\\/\\\/sollerbenamunt.com\\\/de\\\/?s={search_term_string}\"},\"query-input\":{\"@type\":\"PropertyValueSpecification\",\"valueRequired\":true,\"valueName\":\"search_term_string\"}}],\"inLanguage\":\"de\"},{\"@type\":\"Organization\",\"@id\":\"https:\\\/\\\/sollerbenamunt.com\\\/de\\\/#organization\",\"name\":\"S\u00d3LLER BEN AMUNT\",\"alternateName\":\"S\u00d3LLER BEN AMUNT\",\"url\":\"https:\\\/\\\/sollerbenamunt.com\\\/de\\\/\",\"logo\":{\"@type\":\"ImageObject\",\"inLanguage\":\"de\",\"@id\":\"https:\\\/\\\/sollerbenamunt.com\\\/de\\\/#\\\/schema\\\/logo\\\/image\\\/\",\"url\":\"https:\\\/\\\/sollerbenamunt.com\\\/wp-content\\\/uploads\\\/2025\\\/03\\\/sollerbenamunt-logo-fondo-blanco.png\",\"contentUrl\":\"https:\\\/\\\/sollerbenamunt.com\\\/wp-content\\\/uploads\\\/2025\\\/03\\\/sollerbenamunt-logo-fondo-blanco.png\",\"width\":1080,\"height\":1080,\"caption\":\"S\u00d3LLER BEN AMUNT\"},\"image\":{\"@id\":\"https:\\\/\\\/sollerbenamunt.com\\\/de\\\/#\\\/schema\\\/logo\\\/image\\\/\"},\"sameAs\":[\"https:\\\/\\\/www.facebook.com\\\/sollerbenamunt\",\"https:\\\/\\\/www.instagram.com\\\/soller_ben_amunt\\\/\"]},{\"@type\":\"Person\",\"@id\":\"https:\\\/\\\/sollerbenamunt.com\\\/de\\\/#\\\/schema\\\/person\\\/1d5f898bdd8c26ad08da557feaad1cbc\",\"name\":\"SollerBenamunt\",\"image\":{\"@type\":\"ImageObject\",\"inLanguage\":\"de\",\"@id\":\"https:\\\/\\\/secure.gravatar.com\\\/avatar\\\/dba7b9e745eef6151d7870b65fbaf293796ef75641dca64ab139f558a730d66b?s=96&d=mm&r=g\",\"url\":\"https:\\\/\\\/secure.gravatar.com\\\/avatar\\\/dba7b9e745eef6151d7870b65fbaf293796ef75641dca64ab139f558a730d66b?s=96&d=mm&r=g\",\"contentUrl\":\"https:\\\/\\\/secure.gravatar.com\\\/avatar\\\/dba7b9e745eef6151d7870b65fbaf293796ef75641dca64ab139f558a730d66b?s=96&d=mm&r=g\",\"caption\":\"SollerBenamunt\"}}]}<\/script>\n<!-- \/ Yoast SEO plugin. -->","yoast_head_json":{"title":"Pakistan, Sommer 2026 | S\u00d3LLER BEN AMUNT","description":"Entdecke unser Trekking-Abenteuer in Pakistan: 12 Tage im Karakorum, Baltoro-Gletscher, K2, Gondogoro La und Nanga Parbat.","robots":{"index":"index","follow":"follow","max-snippet":"max-snippet:-1","max-image-preview":"max-image-preview:large","max-video-preview":"max-video-preview:-1"},"canonical":"https:\/\/sollerbenamunt.com\/de\/pakistan-sommer-2026-ein-abenteuer-im-herzen-des-karakorum\/","og_locale":"de_DE","og_type":"article","og_title":"Pakistan, Sommer 2026 | S\u00d3LLER BEN AMUNT","og_description":"Entdecke unser Trekking-Abenteuer in Pakistan: 12 Tage im Karakorum, Baltoro-Gletscher, K2, Gondogoro La und Nanga Parbat.","og_url":"https:\/\/sollerbenamunt.com\/de\/pakistan-sommer-2026-ein-abenteuer-im-herzen-des-karakorum\/","og_site_name":"S\u00d3LLER BEN AMUNT","article_publisher":"https:\/\/www.facebook.com\/sollerbenamunt","article_published_time":"2026-09-03T10:26:47+00:00","article_modified_time":"2026-09-03T10:27:56+00:00","og_image":[{"width":2560,"height":1920,"url":"https:\/\/sollerbenamunt.com\/wp-content\/uploads\/2026\/09\/20260808_093526-scaled.jpg?wsr","type":"image\/jpeg"}],"author":"SollerBenamunt","twitter_card":"summary_large_image","twitter_misc":{"Verfasst von":"SollerBenamunt","Gesch\u00e4tzte Lesezeit":"6\u00a0Minuten"},"schema":{"@context":"https:\/\/schema.org","@graph":[{"@type":"Article","@id":"https:\/\/sollerbenamunt.com\/de\/pakistan-sommer-2026-ein-abenteuer-im-herzen-des-karakorum\/#article","isPartOf":{"@id":"https:\/\/sollerbenamunt.com\/de\/pakistan-sommer-2026-ein-abenteuer-im-herzen-des-karakorum\/"},"author":{"name":"SollerBenamunt","@id":"https:\/\/sollerbenamunt.com\/de\/#\/schema\/person\/1d5f898bdd8c26ad08da557feaad1cbc"},"headline":"Pakistan, Sommer 2026: Ein Abenteuer im Herzen des Karakorum","datePublished":"2026-09-03T10:26:47+00:00","dateModified":"2026-09-03T10:27:56+00:00","mainEntityOfPage":{"@id":"https:\/\/sollerbenamunt.com\/de\/pakistan-sommer-2026-ein-abenteuer-im-herzen-des-karakorum\/"},"wordCount":788,"commentCount":0,"publisher":{"@id":"https:\/\/sollerbenamunt.com\/de\/#organization"},"image":{"@id":"https:\/\/sollerbenamunt.com\/de\/pakistan-sommer-2026-ein-abenteuer-im-herzen-des-karakorum\/#primaryimage"},"thumbnailUrl":"https:\/\/sollerbenamunt.com\/wp-content\/uploads\/2026\/09\/20260808_093526-scaled.jpg?wsr","articleSection":["Trekking"],"inLanguage":"de","potentialAction":[{"@type":"CommentAction","name":"Comment","target":["https:\/\/sollerbenamunt.com\/de\/pakistan-sommer-2026-ein-abenteuer-im-herzen-des-karakorum\/#respond"]}]},{"@type":"WebPage","@id":"https:\/\/sollerbenamunt.com\/de\/pakistan-sommer-2026-ein-abenteuer-im-herzen-des-karakorum\/","url":"https:\/\/sollerbenamunt.com\/de\/pakistan-sommer-2026-ein-abenteuer-im-herzen-des-karakorum\/","name":"Pakistan, Sommer 2026 | S\u00d3LLER BEN AMUNT","isPartOf":{"@id":"https:\/\/sollerbenamunt.com\/de\/#website"},"primaryImageOfPage":{"@id":"https:\/\/sollerbenamunt.com\/de\/pakistan-sommer-2026-ein-abenteuer-im-herzen-des-karakorum\/#primaryimage"},"image":{"@id":"https:\/\/sollerbenamunt.com\/de\/pakistan-sommer-2026-ein-abenteuer-im-herzen-des-karakorum\/#primaryimage"},"thumbnailUrl":"https:\/\/sollerbenamunt.com\/wp-content\/uploads\/2026\/09\/20260808_093526-scaled.jpg?wsr","datePublished":"2026-09-03T10:26:47+00:00","dateModified":"2026-09-03T10:27:56+00:00","description":"Entdecke unser Trekking-Abenteuer in Pakistan: 12 Tage im Karakorum, Baltoro-Gletscher, K2, Gondogoro La und Nanga Parbat.","breadcrumb":{"@id":"https:\/\/sollerbenamunt.com\/de\/pakistan-sommer-2026-ein-abenteuer-im-herzen-des-karakorum\/#breadcrumb"},"inLanguage":"de","potentialAction":[{"@type":"ReadAction","target":["https:\/\/sollerbenamunt.com\/de\/pakistan-sommer-2026-ein-abenteuer-im-herzen-des-karakorum\/"]}]},{"@type":"ImageObject","inLanguage":"de","@id":"https:\/\/sollerbenamunt.com\/de\/pakistan-sommer-2026-ein-abenteuer-im-herzen-des-karakorum\/#primaryimage","url":"https:\/\/sollerbenamunt.com\/wp-content\/uploads\/2026\/09\/20260808_093526-scaled.jpg?wsr","contentUrl":"https:\/\/sollerbenamunt.com\/wp-content\/uploads\/2026\/09\/20260808_093526-scaled.jpg?wsr","width":2560,"height":1920},{"@type":"BreadcrumbList","@id":"https:\/\/sollerbenamunt.com\/de\/pakistan-sommer-2026-ein-abenteuer-im-herzen-des-karakorum\/#breadcrumb","itemListElement":[{"@type":"ListItem","position":1,"name":"Portada","item":"https:\/\/sollerbenamunt.com\/de\/"},{"@type":"ListItem","position":2,"name":"Pakistan, Sommer 2026: Ein Abenteuer im Herzen des Karakorum"}]},{"@type":"WebSite","@id":"https:\/\/sollerbenamunt.com\/de\/#website","url":"https:\/\/sollerbenamunt.com\/de\/","name":"S\u00d3LLER BEN AMUNT","description":"Wandern und Trailrunning auf Mallorca","publisher":{"@id":"https:\/\/sollerbenamunt.com\/de\/#organization"},"alternateName":"S\u00d3LLER BEN AMUNT","potentialAction":[{"@type":"SearchAction","target":{"@type":"EntryPoint","urlTemplate":"https:\/\/sollerbenamunt.com\/de\/?s={search_term_string}"},"query-input":{"@type":"PropertyValueSpecification","valueRequired":true,"valueName":"search_term_string"}}],"inLanguage":"de"},{"@type":"Organization","@id":"https:\/\/sollerbenamunt.com\/de\/#organization","name":"S\u00d3LLER BEN AMUNT","alternateName":"S\u00d3LLER BEN AMUNT","url":"https:\/\/sollerbenamunt.com\/de\/","logo":{"@type":"ImageObject","inLanguage":"de","@id":"https:\/\/sollerbenamunt.com\/de\/#\/schema\/logo\/image\/","url":"https:\/\/sollerbenamunt.com\/wp-content\/uploads\/2025\/03\/sollerbenamunt-logo-fondo-blanco.png","contentUrl":"https:\/\/sollerbenamunt.com\/wp-content\/uploads\/2025\/03\/sollerbenamunt-logo-fondo-blanco.png","width":1080,"height":1080,"caption":"S\u00d3LLER BEN AMUNT"},"image":{"@id":"https:\/\/sollerbenamunt.com\/de\/#\/schema\/logo\/image\/"},"sameAs":["https:\/\/www.facebook.com\/sollerbenamunt","https:\/\/www.instagram.com\/soller_ben_amunt\/"]},{"@type":"Person","@id":"https:\/\/sollerbenamunt.com\/de\/#\/schema\/person\/1d5f898bdd8c26ad08da557feaad1cbc","name":"SollerBenamunt","image":{"@type":"ImageObject","inLanguage":"de","@id":"https:\/\/secure.gravatar.com\/avatar\/dba7b9e745eef6151d7870b65fbaf293796ef75641dca64ab139f558a730d66b?s=96&d=mm&r=g","url":"https:\/\/secure.gravatar.com\/avatar\/dba7b9e745eef6151d7870b65fbaf293796ef75641dca64ab139f558a730d66b?s=96&d=mm&r=g","contentUrl":"https:\/\/secure.gravatar.com\/avatar\/dba7b9e745eef6151d7870b65fbaf293796ef75641dca64ab139f558a730d66b?s=96&d=mm&r=g","caption":"SollerBenamunt"}}]}},"_links":{"self":[{"href":"https:\/\/sollerbenamunt.com\/de\/wp-json\/wp\/v2\/posts\/18013","targetHints":{"allow":["GET"]}}],"collection":[{"href":"https:\/\/sollerbenamunt.com\/de\/wp-json\/wp\/v2\/posts"}],"about":[{"href":"https:\/\/sollerbenamunt.com\/de\/wp-json\/wp\/v2\/types\/post"}],"author":[{"embeddable":true,"href":"https:\/\/sollerbenamunt.com\/de\/wp-json\/wp\/v2\/users\/2"}],"replies":[{"embeddable":true,"href":"https:\/\/sollerbenamunt.com\/de\/wp-json\/wp\/v2\/comments?post=18013"}],"version-history":[{"count":1,"href":"https:\/\/sollerbenamunt.com\/de\/wp-json\/wp\/v2\/posts\/18013\/revisions"}],"predecessor-version":[{"id":18014,"href":"https:\/\/sollerbenamunt.com\/de\/wp-json\/wp\/v2\/posts\/18013\/revisions\/18014"}],"wp:featuredmedia":[{"embeddable":true,"href":"https:\/\/sollerbenamunt.com\/de\/wp-json\/wp\/v2\/media\/17985"}],"wp:attachment":[{"href":"https:\/\/sollerbenamunt.com\/de\/wp-json\/wp\/v2\/media?parent=18013"}],"wp:term":[{"taxonomy":"category","embeddable":true,"href":"https:\/\/sollerbenamunt.com\/de\/wp-json\/wp\/v2\/categories?post=18013"},{"taxonomy":"post_tag","embeddable":true,"href":"https:\/\/sollerbenamunt.com\/de\/wp-json\/wp\/v2\/tags?post=18013"}],"curies":[{"name":"wp","href":"https:\/\/api.w.org\/{rel}","templated":true}]}}