{"id":18009,"date":"2026-09-03T12:26:47","date_gmt":"2026-09-03T10:26:47","guid":{"rendered":"https:\/\/sollerbenamunt.com\/?p=18009"},"modified":"2026-09-03T12:27:20","modified_gmt":"2026-09-03T10:27:20","slug":"pakistan-verano-de-2026-una-aventura-en-el-corazon-del-karakorum","status":"publish","type":"post","link":"https:\/\/sollerbenamunt.com\/es\/pakistan-verano-de-2026-una-aventura-en-el-corazon-del-karakorum\/","title":{"rendered":"Pakist\u00e1n, verano de 2026: una aventura en el coraz\u00f3n del Karak\u00f3rum"},"content":{"rendered":"\n<p class=\"wp-block-paragraph\">Este verano, desde <strong>S\u00f3ller Ben Amunt<\/strong>, hemos puesto rumbo a uno de los rincones m\u00e1s remotos y espectaculares del planeta: el norte de Pakist\u00e1n.<\/p>\n\n<p class=\"wp-block-paragraph\">Un grupo de mallorquines con ganas de aventura ha sido el protagonista de este viaje, nuestra primera expedici\u00f3n de trekking en Pakist\u00e1n. Durante casi dos semanas hemos recorrido algunos de los paisajes m\u00e1s salvajes de la cordillera del Karak\u00f3rum, entre glaciares, grandes paredes de granito y algunas de las monta\u00f1as m\u00e1s altas del mundo. <\/p>\n<div class=\"wp-block-image\">\n<figure class=\"aligncenter size-medium\"><img loading=\"lazy\" decoding=\"async\" width=\"225\" height=\"300\" src=\"https:\/\/sollerbenamunt.com\/wp-content\/uploads\/2026\/09\/20260811_115806-225x300.jpg?wsr\" alt=\"\" class=\"wp-image-17979\" srcset=\"https:\/\/sollerbenamunt.com\/wp-content\/uploads\/2026\/09\/20260811_115806-225x300.jpg 225w, https:\/\/sollerbenamunt.com\/wp-content\/uploads\/2026\/09\/20260811_115806-768x1024.jpg 768w, https:\/\/sollerbenamunt.com\/wp-content\/uploads\/2026\/09\/20260811_115806-1152x1536.jpg 1152w, https:\/\/sollerbenamunt.com\/wp-content\/uploads\/2026\/09\/20260811_115806-1536x2048.jpg 1536w, https:\/\/sollerbenamunt.com\/wp-content\/uploads\/2026\/09\/20260811_115806-500x667.jpg 500w, https:\/\/sollerbenamunt.com\/wp-content\/uploads\/2026\/09\/20260811_115806-scaled.jpg 1920w\" sizes=\"auto, (max-width: 225px) 100vw, 225px\" \/><figcaption class=\"wp-element-caption\">K2<\/figcaption><\/figure>\n<\/div>\n<h2 class=\"wp-block-heading\">El Karak\u00f3rum y los grandes ochomiles<\/h2>\n\n<p class=\"wp-block-paragraph\">El Karak\u00f3rum se extiende por el norte de Pakist\u00e1n y, junto con el Himalaya, concentra algunas de las monta\u00f1as m\u00e1s impresionantes del planeta. En esta cordillera se encuentran cinco de los catorce ochomiles del mundo. <\/p>\n\n<p class=\"wp-block-paragraph\">Y entre todos ellos destaca especialmente uno: el <strong>K2 (Chhogori, en lengua balti)<\/strong>, con 8.611 metros, la segunda monta\u00f1a m\u00e1s alta de la Tierra.<\/p>\n\n<p class=\"wp-block-paragraph\">Pero llegar hasta el pie del K2 no es sencillo. No hay carreteras ni infraestructuras que permitan acceder f\u00e1cilmente a este territorio. Para llegar hasta all\u00ed hay que caminar durante d\u00edas por un paisaje inmenso y pr\u00e1cticamente aislado de la civilizaci\u00f3n, avanzando por uno de los grandes glaciares del Karak\u00f3rum. <\/p>\n<div class=\"wp-block-image\">\n<figure class=\"aligncenter size-medium\"><img loading=\"lazy\" decoding=\"async\" width=\"225\" height=\"300\" src=\"https:\/\/sollerbenamunt.com\/wp-content\/uploads\/2026\/09\/20260815_090942-225x300.jpg?wsr\" alt=\"\" class=\"wp-image-17987\" srcset=\"https:\/\/sollerbenamunt.com\/wp-content\/uploads\/2026\/09\/20260815_090942-225x300.jpg 225w, https:\/\/sollerbenamunt.com\/wp-content\/uploads\/2026\/09\/20260815_090942-432x576.jpg 432w, https:\/\/sollerbenamunt.com\/wp-content\/uploads\/2026\/09\/20260815_090942-768x1024-1.jpg 768w, https:\/\/sollerbenamunt.com\/wp-content\/uploads\/2026\/09\/20260815_090942-1152x1536-1.jpg 1152w, https:\/\/sollerbenamunt.com\/wp-content\/uploads\/2026\/09\/20260815_090942-1536x2048-1.jpg 1536w, https:\/\/sollerbenamunt.com\/wp-content\/uploads\/2026\/09\/20260815_090942-500x667-1.jpg 500w, https:\/\/sollerbenamunt.com\/wp-content\/uploads\/2026\/09\/20260815_090942-scaled-1.jpg 1920w\" sizes=\"auto, (max-width: 225px) 100vw, 225px\" \/><figcaption class=\"wp-element-caption\">Karakorum<\/figcaption><\/figure>\n<\/div>\n<h2 class=\"wp-block-heading\">12 d\u00edas remontando el glaciar del Baltoro<\/h2>\n\n<p class=\"wp-block-paragraph\">Durante <strong>12 d\u00edas de trekking<\/strong> hemos remontado el glaciar del Baltoro, uno de los glaciares de monta\u00f1a m\u00e1s largos del mundo.<\/p>\n\n<p class=\"wp-block-paragraph\">A medida que avanz\u00e1bamos, el paisaje iba ganando espectacularidad. Las monta\u00f1as aparec\u00edan cada vez m\u00e1s cerca y las grandes torres de granito nos rodeaban por todas partes. <\/p>\n\n<p class=\"wp-block-paragraph\">Nuestro primer gran objetivo era llegar a <strong>Concordia<\/strong>, el punto donde confluyen los glaciares del Baltoro y del Godwin-Austen.<\/p>\n\n<p class=\"wp-block-paragraph\">Concordia es uno de esos lugares dif\u00edciles de explicar con palabras. Nos encontr\u00e1bamos rodeados por algunas de las monta\u00f1as m\u00e1s impresionantes del planeta: los Gasherbrums, el Broad Peak y, dominando el horizonte, el K2. <\/p>\n\n<p class=\"wp-block-paragraph\">Despu\u00e9s de varios d\u00edas caminando entre glaciares y monta\u00f1as, llegar hasta aqu\u00ed fue uno de los grandes momentos del viaje.<\/p>\n<div class=\"wp-block-image\">\n<figure class=\"aligncenter size-medium\"><img loading=\"lazy\" decoding=\"async\" width=\"225\" height=\"300\" src=\"https:\/\/sollerbenamunt.com\/wp-content\/uploads\/2026\/09\/20260811_105248-225x300.jpg?wsr\" alt=\"\" class=\"wp-image-17991\" srcset=\"https:\/\/sollerbenamunt.com\/wp-content\/uploads\/2026\/09\/20260811_105248-225x300.jpg 225w, https:\/\/sollerbenamunt.com\/wp-content\/uploads\/2026\/09\/20260811_105248-432x576.jpg 432w, https:\/\/sollerbenamunt.com\/wp-content\/uploads\/2026\/09\/20260811_105248-768x1024-1.jpg 768w, https:\/\/sollerbenamunt.com\/wp-content\/uploads\/2026\/09\/20260811_105248-1152x1536-1.jpg 1152w, https:\/\/sollerbenamunt.com\/wp-content\/uploads\/2026\/09\/20260811_105248-1536x2048-1.jpg 1536w, https:\/\/sollerbenamunt.com\/wp-content\/uploads\/2026\/09\/20260811_105248-500x667-1.jpg 500w, https:\/\/sollerbenamunt.com\/wp-content\/uploads\/2026\/09\/20260811_105248-scaled-1.jpg 1920w\" sizes=\"auto, (max-width: 225px) 100vw, 225px\" \/><figcaption class=\"wp-element-caption\">G-IV<\/figcaption><\/figure>\n<\/div>\n<h2 class=\"wp-block-heading\">Gondogoro La: el gran reto<br\/><\/h2>\n\n<p class=\"wp-block-paragraph\">Pero todav\u00eda nos esperaba el que probablemente ser\u00eda el momento m\u00e1s exigente de toda la traves\u00eda.<\/p>\n\n<p class=\"wp-block-paragraph\">El Gondogoro La, un collado situado a m\u00e1s de 5.580 metros de altitud, era el gran desaf\u00edo antes de iniciar el descenso hacia el valle de Hushe.<\/p>\n\n<p class=\"wp-block-paragraph\">Superar este paso requiri\u00f3 esfuerzo, concentraci\u00f3n y capacidad de adaptaci\u00f3n a las condiciones de la alta monta\u00f1a. Despu\u00e9s de varios d\u00edas caminando por encima de los 4.000 metros, el cansancio ya estaba presente, pero tambi\u00e9n las ganas de alcanzar el punto culminante de la traves\u00eda. <\/p>\n\n<p class=\"wp-block-paragraph\">Desde el collado, la recompensa fue enorme: un paisaje de alta monta\u00f1a dif\u00edcil de olvidar y la sensaci\u00f3n de haber atravesado uno de los territorios m\u00e1s remotos del Karak\u00f3rum.<br\/><\/p>\n\n<p class=\"wp-block-paragraph\">A partir de aqu\u00ed comenzaba el descenso.<\/p>\n\n<p class=\"wp-block-paragraph\">Poco a poco, las grandes monta\u00f1as quedaban atr\u00e1s y, a trav\u00e9s del valle de Hushe, inici\u00e1bamos nuestro regreso hacia la civilizaci\u00f3n.<\/p>\n<div class=\"wp-block-image\">\n<figure class=\"aligncenter size-medium\"><img loading=\"lazy\" decoding=\"async\" width=\"225\" height=\"300\" src=\"https:\/\/sollerbenamunt.com\/wp-content\/uploads\/2026\/09\/20260814_042912-225x300.jpg?wsr\" alt=\"\" class=\"wp-image-17995\" srcset=\"https:\/\/sollerbenamunt.com\/wp-content\/uploads\/2026\/09\/20260814_042912-225x300.jpg 225w, https:\/\/sollerbenamunt.com\/wp-content\/uploads\/2026\/09\/20260814_042912-432x576.jpg 432w, https:\/\/sollerbenamunt.com\/wp-content\/uploads\/2026\/09\/20260814_042912-768x1024-1.jpg 768w, https:\/\/sollerbenamunt.com\/wp-content\/uploads\/2026\/09\/20260814_042912-1536x2048-1.jpg 1536w, https:\/\/sollerbenamunt.com\/wp-content\/uploads\/2026\/09\/20260814_042912-1152x1536-1.jpg 1152w, https:\/\/sollerbenamunt.com\/wp-content\/uploads\/2026\/09\/20260814_042912-500x667-1.jpg 500w, https:\/\/sollerbenamunt.com\/wp-content\/uploads\/2026\/09\/20260814_042912-scaled-1.jpg 1920w\" sizes=\"auto, (max-width: 225px) 100vw, 225px\" \/><figcaption class=\"wp-element-caption\">Gondogoro La (5.585m)<\/figcaption><\/figure>\n<\/div>\n<h2 class=\"wp-block-heading\">Una aventura que no ser\u00eda posible sin ellos<\/h2>\n\n<p class=\"wp-block-paragraph\">Un trekking de estas caracter\u00edsticas no ser\u00eda posible sin todas las personas que trabajan para que cada jornada pueda comenzar.<\/p>\n\n<p class=\"wp-block-paragraph\"><strong>Porteadores, cocineros, gu\u00edas locales y todo el equipo pakistan\u00ed<\/strong> fueron una parte esencial de la expedici\u00f3n. D\u00eda tras d\u00eda se encargaban de transportar el material, montar y desmontar los campamentos, preparar las comidas y cuidar todos los detalles que permiten caminar durante semanas por un territorio tan remoto. <\/p>\n\n<p class=\"wp-block-paragraph\">M\u00e1s all\u00e1 de las monta\u00f1as y los paisajes, compartir el camino con ellos tambi\u00e9n ha sido una de las grandes experiencias que nos llevamos de este viaje.<\/p>\n<div class=\"wp-block-image\">\n<figure class=\"aligncenter size-medium\"><img loading=\"lazy\" decoding=\"async\" width=\"225\" height=\"300\" src=\"https:\/\/sollerbenamunt.com\/wp-content\/uploads\/2026\/09\/20260815_103509-225x300.jpg?wsr\" alt=\"\" class=\"wp-image-17999\" srcset=\"https:\/\/sollerbenamunt.com\/wp-content\/uploads\/2026\/09\/20260815_103509-225x300.jpg 225w, https:\/\/sollerbenamunt.com\/wp-content\/uploads\/2026\/09\/20260815_103509-432x576-1.jpg 432w, https:\/\/sollerbenamunt.com\/wp-content\/uploads\/2026\/09\/20260815_103509-768x1024-1.jpg 768w, https:\/\/sollerbenamunt.com\/wp-content\/uploads\/2026\/09\/20260815_103509-1152x1536-1.jpg 1152w, https:\/\/sollerbenamunt.com\/wp-content\/uploads\/2026\/09\/20260815_103509-1536x2048-1.jpg 1536w, https:\/\/sollerbenamunt.com\/wp-content\/uploads\/2026\/09\/20260815_103509-500x667-1.jpg 500w, https:\/\/sollerbenamunt.com\/wp-content\/uploads\/2026\/09\/20260815_103509-scaled-1.jpg 1920w\" sizes=\"auto, (max-width: 225px) 100vw, 225px\" \/><figcaption class=\"wp-element-caption\">Porters<\/figcaption><\/figure>\n<\/div>\n<h2 class=\"wp-block-heading\">Nanga Parbat: un \u00faltimo regalo<\/h2>\n\n<p class=\"wp-block-paragraph\">Despu\u00e9s de completar el trekking del Baltoro y el Gondogoro La, todav\u00eda nos esperaba una \u00faltima parada antes de dar por terminada la aventura.<\/p>\n\n<p class=\"wp-block-paragraph\">De regreso hacia Islamabad nos desviamos hasta el <strong>Nanga Parbat<\/strong>, conocido como la <em>monta\u00f1a asesina<\/em>.<\/p>\n\n<p class=\"wp-block-paragraph\">Con 8.126 metros, es uno de los grandes ochomiles de Pakist\u00e1n y el \u00fanico de los cinco que no hab\u00edamos podido contemplar durante el trekking por el Karak\u00f3rum.<\/p>\n\n<p class=\"wp-block-paragraph\">All\u00ed pasamos unos d\u00edas muy diferentes, a los pies de esta monta\u00f1a inmensa, rodeada de prados verdes y floridos. Un contraste espectacular despu\u00e9s de los glaciares, la roca y los paisajes \u00e1ridos del Baltoro. <\/p>\n<div class=\"wp-block-image\">\n<figure class=\"aligncenter size-medium\"><img loading=\"lazy\" decoding=\"async\" width=\"225\" height=\"300\" src=\"https:\/\/sollerbenamunt.com\/wp-content\/uploads\/2026\/09\/20260818_175620-225x300.jpg?wsr\" alt=\"\" class=\"wp-image-18003\" srcset=\"https:\/\/sollerbenamunt.com\/wp-content\/uploads\/2026\/09\/20260818_175620-225x300.jpg 225w, https:\/\/sollerbenamunt.com\/wp-content\/uploads\/2026\/09\/20260818_175620-432x576-1.jpg 432w, https:\/\/sollerbenamunt.com\/wp-content\/uploads\/2026\/09\/20260818_175620-768x1024-1.jpg 768w, https:\/\/sollerbenamunt.com\/wp-content\/uploads\/2026\/09\/20260818_175620-1152x1536-1.jpg 1152w, https:\/\/sollerbenamunt.com\/wp-content\/uploads\/2026\/09\/20260818_175620-1536x2048-1.jpg 1536w, https:\/\/sollerbenamunt.com\/wp-content\/uploads\/2026\/09\/20260818_175620-500x667-1.jpg 500w, https:\/\/sollerbenamunt.com\/wp-content\/uploads\/2026\/09\/20260818_175620-scaled-1.jpg 1920w\" sizes=\"auto, (max-width: 225px) 100vw, 225px\" \/><figcaption class=\"wp-element-caption\">Nanga Parbat<\/figcaption><\/figure>\n<\/div>\n<h2 class=\"wp-block-heading\">Pakist\u00e1n, una experiencia para recordar<\/h2>\n\n<p class=\"wp-block-paragraph\">Despu\u00e9s de muchos d\u00edas caminando, durmiendo en campamentos, atravesando glaciares y compartiendo horas y horas de monta\u00f1a, regresamos a casa con la mochila llena de experiencias.<\/p>\n\n<p class=\"wp-block-paragraph\">Pakist\u00e1n nos ha sorprendido por la inmensidad de sus paisajes, por su gente y, sobre todo, por la sensaci\u00f3n de haber vivido una aventura realmente lejos de la civilizaci\u00f3n.<\/p>\n\n<p class=\"wp-block-paragraph\"><strong>Una experiencia inolvidable para todo el grupo.<\/strong><\/p>\n\n<p class=\"wp-block-paragraph\">Y ahora ya estamos pensando en la pr\u00f3xima aventura.<\/p>\n\n<p class=\"wp-block-paragraph\"><strong>El pr\u00f3ximo viaje de trekking de S\u00f3ller Ben Amunt ser\u00e1 en Nepal, este mes de noviembre.<\/strong><\/p>\n\n<p class=\"wp-block-paragraph\">\u00bfTe vienes con nosotros?<\/p>\n","protected":false},"excerpt":{"rendered":"<p>Este verano, desde S\u00f3ller Ben Amunt, hemos puesto rumbo a uno de los rincones m\u00e1s remotos y espectaculares del planeta: el norte de Pakist\u00e1n. Un grupo de mallorquines con ganas de aventura ha sido el protagonista de este viaje, nuestra primera expedici\u00f3n de trekking en Pakist\u00e1n. Durante casi dos semanas hemos recorrido algunos de los &#8230;<\/p>\n","protected":false},"author":2,"featured_media":17986,"comment_status":"open","ping_status":"open","sticky":false,"template":"","format":"standard","meta":{"_acf_changed":false,"inline_featured_image":false,"footnotes":""},"categories":[155],"tags":[],"class_list":["post-18009","post","type-post","status-publish","format-standard","has-post-thumbnail","hentry","category-trekking"],"acf":[],"yoast_head":"<!-- This site is optimized with the Yoast SEO plugin v28.4 - https:\/\/yoast.com\/product\/yoast-seo-wordpress\/ -->\n<title>Pakist\u00e1n, verano de 2026: una aventura en el coraz\u00f3n del Karak\u00f3rum | S\u00d3LLER BEN AMUNT<\/title>\n<meta name=\"description\" content=\"Descubre nuestra aventura de trekking por Pakist\u00e1n: 12 d\u00edas por el Karak\u00f3rum, el glaciar del Baltoro, el K2 y Nanga Parbat.\" \/>\n<meta name=\"robots\" content=\"index, follow, max-snippet:-1, max-image-preview:large, max-video-preview:-1\" \/>\n<link rel=\"canonical\" href=\"https:\/\/sollerbenamunt.com\/es\/pakistan-verano-de-2026-una-aventura-en-el-corazon-del-karakorum\/\" \/>\n<meta property=\"og:locale\" content=\"es_ES\" \/>\n<meta property=\"og:type\" content=\"article\" \/>\n<meta property=\"og:title\" content=\"Pakist\u00e1n, verano de 2026: una aventura en el coraz\u00f3n del Karak\u00f3rum | S\u00d3LLER BEN AMUNT\" \/>\n<meta property=\"og:description\" content=\"Descubre nuestra aventura de trekking por Pakist\u00e1n: 12 d\u00edas por el Karak\u00f3rum, el glaciar del Baltoro, el K2 y Nanga Parbat.\" \/>\n<meta property=\"og:url\" content=\"https:\/\/sollerbenamunt.com\/es\/pakistan-verano-de-2026-una-aventura-en-el-corazon-del-karakorum\/\" \/>\n<meta property=\"og:site_name\" content=\"S\u00d3LLER BEN AMUNT\" \/>\n<meta property=\"article:publisher\" content=\"https:\/\/www.facebook.com\/sollerbenamunt\" \/>\n<meta property=\"article:published_time\" content=\"2026-09-03T10:26:47+00:00\" \/>\n<meta property=\"article:modified_time\" content=\"2026-09-03T10:27:20+00:00\" \/>\n<meta property=\"og:image\" content=\"https:\/\/sollerbenamunt.com\/wp-content\/uploads\/2026\/09\/20260808_093526-scaled.jpg?wsr\" \/>\n\t<meta property=\"og:image:width\" content=\"2560\" \/>\n\t<meta property=\"og:image:height\" content=\"1920\" \/>\n\t<meta property=\"og:image:type\" content=\"image\/jpeg\" \/>\n<meta name=\"author\" content=\"SollerBenamunt\" \/>\n<meta name=\"twitter:card\" content=\"summary_large_image\" \/>\n<meta name=\"twitter:label1\" content=\"Escrito por\" \/>\n\t<meta name=\"twitter:data1\" content=\"SollerBenamunt\" \/>\n\t<meta name=\"twitter:label2\" content=\"Tiempo de lectura\" \/>\n\t<meta name=\"twitter:data2\" content=\"4 minutos\" \/>\n<script type=\"application\/ld+json\" class=\"yoast-schema-graph\">{\"@context\":\"https:\\\/\\\/schema.org\",\"@graph\":[{\"@type\":\"Article\",\"@id\":\"https:\\\/\\\/sollerbenamunt.com\\\/es\\\/pakistan-verano-de-2026-una-aventura-en-el-corazon-del-karakorum\\\/#article\",\"isPartOf\":{\"@id\":\"https:\\\/\\\/sollerbenamunt.com\\\/es\\\/pakistan-verano-de-2026-una-aventura-en-el-corazon-del-karakorum\\\/\"},\"author\":{\"name\":\"SollerBenamunt\",\"@id\":\"https:\\\/\\\/sollerbenamunt.com\\\/es\\\/#\\\/schema\\\/person\\\/1d5f898bdd8c26ad08da557feaad1cbc\"},\"headline\":\"Pakist\u00e1n, verano de 2026: una aventura en el coraz\u00f3n del Karak\u00f3rum\",\"datePublished\":\"2026-09-03T10:26:47+00:00\",\"dateModified\":\"2026-09-03T10:27:20+00:00\",\"mainEntityOfPage\":{\"@id\":\"https:\\\/\\\/sollerbenamunt.com\\\/es\\\/pakistan-verano-de-2026-una-aventura-en-el-corazon-del-karakorum\\\/\"},\"wordCount\":880,\"commentCount\":0,\"publisher\":{\"@id\":\"https:\\\/\\\/sollerbenamunt.com\\\/es\\\/#organization\"},\"image\":{\"@id\":\"https:\\\/\\\/sollerbenamunt.com\\\/es\\\/pakistan-verano-de-2026-una-aventura-en-el-corazon-del-karakorum\\\/#primaryimage\"},\"thumbnailUrl\":\"https:\\\/\\\/sollerbenamunt.com\\\/wp-content\\\/uploads\\\/2026\\\/09\\\/20260808_093526-scaled.jpg?wsr\",\"articleSection\":[\"Trekking\"],\"inLanguage\":\"es\",\"potentialAction\":[{\"@type\":\"CommentAction\",\"name\":\"Comment\",\"target\":[\"https:\\\/\\\/sollerbenamunt.com\\\/es\\\/pakistan-verano-de-2026-una-aventura-en-el-corazon-del-karakorum\\\/#respond\"]}]},{\"@type\":\"WebPage\",\"@id\":\"https:\\\/\\\/sollerbenamunt.com\\\/es\\\/pakistan-verano-de-2026-una-aventura-en-el-corazon-del-karakorum\\\/\",\"url\":\"https:\\\/\\\/sollerbenamunt.com\\\/es\\\/pakistan-verano-de-2026-una-aventura-en-el-corazon-del-karakorum\\\/\",\"name\":\"Pakist\u00e1n, verano de 2026: una aventura en el coraz\u00f3n del Karak\u00f3rum | S\u00d3LLER BEN AMUNT\",\"isPartOf\":{\"@id\":\"https:\\\/\\\/sollerbenamunt.com\\\/es\\\/#website\"},\"primaryImageOfPage\":{\"@id\":\"https:\\\/\\\/sollerbenamunt.com\\\/es\\\/pakistan-verano-de-2026-una-aventura-en-el-corazon-del-karakorum\\\/#primaryimage\"},\"image\":{\"@id\":\"https:\\\/\\\/sollerbenamunt.com\\\/es\\\/pakistan-verano-de-2026-una-aventura-en-el-corazon-del-karakorum\\\/#primaryimage\"},\"thumbnailUrl\":\"https:\\\/\\\/sollerbenamunt.com\\\/wp-content\\\/uploads\\\/2026\\\/09\\\/20260808_093526-scaled.jpg?wsr\",\"datePublished\":\"2026-09-03T10:26:47+00:00\",\"dateModified\":\"2026-09-03T10:27:20+00:00\",\"description\":\"Descubre nuestra aventura de trekking por Pakist\u00e1n: 12 d\u00edas por el Karak\u00f3rum, el glaciar del Baltoro, el K2 y Nanga Parbat.\",\"breadcrumb\":{\"@id\":\"https:\\\/\\\/sollerbenamunt.com\\\/es\\\/pakistan-verano-de-2026-una-aventura-en-el-corazon-del-karakorum\\\/#breadcrumb\"},\"inLanguage\":\"es\",\"potentialAction\":[{\"@type\":\"ReadAction\",\"target\":[\"https:\\\/\\\/sollerbenamunt.com\\\/es\\\/pakistan-verano-de-2026-una-aventura-en-el-corazon-del-karakorum\\\/\"]}]},{\"@type\":\"ImageObject\",\"inLanguage\":\"es\",\"@id\":\"https:\\\/\\\/sollerbenamunt.com\\\/es\\\/pakistan-verano-de-2026-una-aventura-en-el-corazon-del-karakorum\\\/#primaryimage\",\"url\":\"https:\\\/\\\/sollerbenamunt.com\\\/wp-content\\\/uploads\\\/2026\\\/09\\\/20260808_093526-scaled.jpg?wsr\",\"contentUrl\":\"https:\\\/\\\/sollerbenamunt.com\\\/wp-content\\\/uploads\\\/2026\\\/09\\\/20260808_093526-scaled.jpg?wsr\",\"width\":2560,\"height\":1920},{\"@type\":\"BreadcrumbList\",\"@id\":\"https:\\\/\\\/sollerbenamunt.com\\\/es\\\/pakistan-verano-de-2026-una-aventura-en-el-corazon-del-karakorum\\\/#breadcrumb\",\"itemListElement\":[{\"@type\":\"ListItem\",\"position\":1,\"name\":\"Portada\",\"item\":\"https:\\\/\\\/sollerbenamunt.com\\\/es\\\/\"},{\"@type\":\"ListItem\",\"position\":2,\"name\":\"Pakist\u00e1n, verano de 2026: una aventura en el coraz\u00f3n del Karak\u00f3rum\"}]},{\"@type\":\"WebSite\",\"@id\":\"https:\\\/\\\/sollerbenamunt.com\\\/es\\\/#website\",\"url\":\"https:\\\/\\\/sollerbenamunt.com\\\/es\\\/\",\"name\":\"S\u00d3LLER BEN AMUNT\",\"description\":\"Senderismo y Trailrunning en Mallorca\",\"publisher\":{\"@id\":\"https:\\\/\\\/sollerbenamunt.com\\\/es\\\/#organization\"},\"alternateName\":\"S\u00d3LLER BEN AMUNT\",\"potentialAction\":[{\"@type\":\"SearchAction\",\"target\":{\"@type\":\"EntryPoint\",\"urlTemplate\":\"https:\\\/\\\/sollerbenamunt.com\\\/es\\\/?s={search_term_string}\"},\"query-input\":{\"@type\":\"PropertyValueSpecification\",\"valueRequired\":true,\"valueName\":\"search_term_string\"}}],\"inLanguage\":\"es\"},{\"@type\":\"Organization\",\"@id\":\"https:\\\/\\\/sollerbenamunt.com\\\/es\\\/#organization\",\"name\":\"S\u00d3LLER BEN AMUNT\",\"alternateName\":\"S\u00d3LLER BEN AMUNT\",\"url\":\"https:\\\/\\\/sollerbenamunt.com\\\/es\\\/\",\"logo\":{\"@type\":\"ImageObject\",\"inLanguage\":\"es\",\"@id\":\"https:\\\/\\\/sollerbenamunt.com\\\/es\\\/#\\\/schema\\\/logo\\\/image\\\/\",\"url\":\"https:\\\/\\\/sollerbenamunt.com\\\/wp-content\\\/uploads\\\/2025\\\/03\\\/sollerbenamunt-logo-fondo-blanco.png\",\"contentUrl\":\"https:\\\/\\\/sollerbenamunt.com\\\/wp-content\\\/uploads\\\/2025\\\/03\\\/sollerbenamunt-logo-fondo-blanco.png\",\"width\":1080,\"height\":1080,\"caption\":\"S\u00d3LLER BEN AMUNT\"},\"image\":{\"@id\":\"https:\\\/\\\/sollerbenamunt.com\\\/es\\\/#\\\/schema\\\/logo\\\/image\\\/\"},\"sameAs\":[\"https:\\\/\\\/www.facebook.com\\\/sollerbenamunt\",\"https:\\\/\\\/www.instagram.com\\\/soller_ben_amunt\\\/\"]},{\"@type\":\"Person\",\"@id\":\"https:\\\/\\\/sollerbenamunt.com\\\/es\\\/#\\\/schema\\\/person\\\/1d5f898bdd8c26ad08da557feaad1cbc\",\"name\":\"SollerBenamunt\",\"image\":{\"@type\":\"ImageObject\",\"inLanguage\":\"es\",\"@id\":\"https:\\\/\\\/secure.gravatar.com\\\/avatar\\\/dba7b9e745eef6151d7870b65fbaf293796ef75641dca64ab139f558a730d66b?s=96&d=mm&r=g\",\"url\":\"https:\\\/\\\/secure.gravatar.com\\\/avatar\\\/dba7b9e745eef6151d7870b65fbaf293796ef75641dca64ab139f558a730d66b?s=96&d=mm&r=g\",\"contentUrl\":\"https:\\\/\\\/secure.gravatar.com\\\/avatar\\\/dba7b9e745eef6151d7870b65fbaf293796ef75641dca64ab139f558a730d66b?s=96&d=mm&r=g\",\"caption\":\"SollerBenamunt\"}}]}<\/script>\n<!-- \/ Yoast SEO plugin. -->","yoast_head_json":{"title":"Pakist\u00e1n, verano de 2026: una aventura en el coraz\u00f3n del Karak\u00f3rum | S\u00d3LLER BEN AMUNT","description":"Descubre nuestra aventura de trekking por Pakist\u00e1n: 12 d\u00edas por el Karak\u00f3rum, el glaciar del Baltoro, el K2 y Nanga Parbat.","robots":{"index":"index","follow":"follow","max-snippet":"max-snippet:-1","max-image-preview":"max-image-preview:large","max-video-preview":"max-video-preview:-1"},"canonical":"https:\/\/sollerbenamunt.com\/es\/pakistan-verano-de-2026-una-aventura-en-el-corazon-del-karakorum\/","og_locale":"es_ES","og_type":"article","og_title":"Pakist\u00e1n, verano de 2026: una aventura en el coraz\u00f3n del Karak\u00f3rum | S\u00d3LLER BEN AMUNT","og_description":"Descubre nuestra aventura de trekking por Pakist\u00e1n: 12 d\u00edas por el Karak\u00f3rum, el glaciar del Baltoro, el K2 y Nanga Parbat.","og_url":"https:\/\/sollerbenamunt.com\/es\/pakistan-verano-de-2026-una-aventura-en-el-corazon-del-karakorum\/","og_site_name":"S\u00d3LLER BEN AMUNT","article_publisher":"https:\/\/www.facebook.com\/sollerbenamunt","article_published_time":"2026-09-03T10:26:47+00:00","article_modified_time":"2026-09-03T10:27:20+00:00","og_image":[{"width":2560,"height":1920,"url":"https:\/\/sollerbenamunt.com\/wp-content\/uploads\/2026\/09\/20260808_093526-scaled.jpg?wsr","type":"image\/jpeg"}],"author":"SollerBenamunt","twitter_card":"summary_large_image","twitter_misc":{"Escrito por":"SollerBenamunt","Tiempo de lectura":"4 minutos"},"schema":{"@context":"https:\/\/schema.org","@graph":[{"@type":"Article","@id":"https:\/\/sollerbenamunt.com\/es\/pakistan-verano-de-2026-una-aventura-en-el-corazon-del-karakorum\/#article","isPartOf":{"@id":"https:\/\/sollerbenamunt.com\/es\/pakistan-verano-de-2026-una-aventura-en-el-corazon-del-karakorum\/"},"author":{"name":"SollerBenamunt","@id":"https:\/\/sollerbenamunt.com\/es\/#\/schema\/person\/1d5f898bdd8c26ad08da557feaad1cbc"},"headline":"Pakist\u00e1n, verano de 2026: una aventura en el coraz\u00f3n del Karak\u00f3rum","datePublished":"2026-09-03T10:26:47+00:00","dateModified":"2026-09-03T10:27:20+00:00","mainEntityOfPage":{"@id":"https:\/\/sollerbenamunt.com\/es\/pakistan-verano-de-2026-una-aventura-en-el-corazon-del-karakorum\/"},"wordCount":880,"commentCount":0,"publisher":{"@id":"https:\/\/sollerbenamunt.com\/es\/#organization"},"image":{"@id":"https:\/\/sollerbenamunt.com\/es\/pakistan-verano-de-2026-una-aventura-en-el-corazon-del-karakorum\/#primaryimage"},"thumbnailUrl":"https:\/\/sollerbenamunt.com\/wp-content\/uploads\/2026\/09\/20260808_093526-scaled.jpg?wsr","articleSection":["Trekking"],"inLanguage":"es","potentialAction":[{"@type":"CommentAction","name":"Comment","target":["https:\/\/sollerbenamunt.com\/es\/pakistan-verano-de-2026-una-aventura-en-el-corazon-del-karakorum\/#respond"]}]},{"@type":"WebPage","@id":"https:\/\/sollerbenamunt.com\/es\/pakistan-verano-de-2026-una-aventura-en-el-corazon-del-karakorum\/","url":"https:\/\/sollerbenamunt.com\/es\/pakistan-verano-de-2026-una-aventura-en-el-corazon-del-karakorum\/","name":"Pakist\u00e1n, verano de 2026: una aventura en el coraz\u00f3n del Karak\u00f3rum | S\u00d3LLER BEN AMUNT","isPartOf":{"@id":"https:\/\/sollerbenamunt.com\/es\/#website"},"primaryImageOfPage":{"@id":"https:\/\/sollerbenamunt.com\/es\/pakistan-verano-de-2026-una-aventura-en-el-corazon-del-karakorum\/#primaryimage"},"image":{"@id":"https:\/\/sollerbenamunt.com\/es\/pakistan-verano-de-2026-una-aventura-en-el-corazon-del-karakorum\/#primaryimage"},"thumbnailUrl":"https:\/\/sollerbenamunt.com\/wp-content\/uploads\/2026\/09\/20260808_093526-scaled.jpg?wsr","datePublished":"2026-09-03T10:26:47+00:00","dateModified":"2026-09-03T10:27:20+00:00","description":"Descubre nuestra aventura de trekking por Pakist\u00e1n: 12 d\u00edas por el Karak\u00f3rum, el glaciar del Baltoro, el K2 y Nanga Parbat.","breadcrumb":{"@id":"https:\/\/sollerbenamunt.com\/es\/pakistan-verano-de-2026-una-aventura-en-el-corazon-del-karakorum\/#breadcrumb"},"inLanguage":"es","potentialAction":[{"@type":"ReadAction","target":["https:\/\/sollerbenamunt.com\/es\/pakistan-verano-de-2026-una-aventura-en-el-corazon-del-karakorum\/"]}]},{"@type":"ImageObject","inLanguage":"es","@id":"https:\/\/sollerbenamunt.com\/es\/pakistan-verano-de-2026-una-aventura-en-el-corazon-del-karakorum\/#primaryimage","url":"https:\/\/sollerbenamunt.com\/wp-content\/uploads\/2026\/09\/20260808_093526-scaled.jpg?wsr","contentUrl":"https:\/\/sollerbenamunt.com\/wp-content\/uploads\/2026\/09\/20260808_093526-scaled.jpg?wsr","width":2560,"height":1920},{"@type":"BreadcrumbList","@id":"https:\/\/sollerbenamunt.com\/es\/pakistan-verano-de-2026-una-aventura-en-el-corazon-del-karakorum\/#breadcrumb","itemListElement":[{"@type":"ListItem","position":1,"name":"Portada","item":"https:\/\/sollerbenamunt.com\/es\/"},{"@type":"ListItem","position":2,"name":"Pakist\u00e1n, verano de 2026: una aventura en el coraz\u00f3n del Karak\u00f3rum"}]},{"@type":"WebSite","@id":"https:\/\/sollerbenamunt.com\/es\/#website","url":"https:\/\/sollerbenamunt.com\/es\/","name":"S\u00d3LLER BEN AMUNT","description":"Senderismo y Trailrunning en Mallorca","publisher":{"@id":"https:\/\/sollerbenamunt.com\/es\/#organization"},"alternateName":"S\u00d3LLER BEN AMUNT","potentialAction":[{"@type":"SearchAction","target":{"@type":"EntryPoint","urlTemplate":"https:\/\/sollerbenamunt.com\/es\/?s={search_term_string}"},"query-input":{"@type":"PropertyValueSpecification","valueRequired":true,"valueName":"search_term_string"}}],"inLanguage":"es"},{"@type":"Organization","@id":"https:\/\/sollerbenamunt.com\/es\/#organization","name":"S\u00d3LLER BEN AMUNT","alternateName":"S\u00d3LLER BEN AMUNT","url":"https:\/\/sollerbenamunt.com\/es\/","logo":{"@type":"ImageObject","inLanguage":"es","@id":"https:\/\/sollerbenamunt.com\/es\/#\/schema\/logo\/image\/","url":"https:\/\/sollerbenamunt.com\/wp-content\/uploads\/2025\/03\/sollerbenamunt-logo-fondo-blanco.png","contentUrl":"https:\/\/sollerbenamunt.com\/wp-content\/uploads\/2025\/03\/sollerbenamunt-logo-fondo-blanco.png","width":1080,"height":1080,"caption":"S\u00d3LLER BEN AMUNT"},"image":{"@id":"https:\/\/sollerbenamunt.com\/es\/#\/schema\/logo\/image\/"},"sameAs":["https:\/\/www.facebook.com\/sollerbenamunt","https:\/\/www.instagram.com\/soller_ben_amunt\/"]},{"@type":"Person","@id":"https:\/\/sollerbenamunt.com\/es\/#\/schema\/person\/1d5f898bdd8c26ad08da557feaad1cbc","name":"SollerBenamunt","image":{"@type":"ImageObject","inLanguage":"es","@id":"https:\/\/secure.gravatar.com\/avatar\/dba7b9e745eef6151d7870b65fbaf293796ef75641dca64ab139f558a730d66b?s=96&d=mm&r=g","url":"https:\/\/secure.gravatar.com\/avatar\/dba7b9e745eef6151d7870b65fbaf293796ef75641dca64ab139f558a730d66b?s=96&d=mm&r=g","contentUrl":"https:\/\/secure.gravatar.com\/avatar\/dba7b9e745eef6151d7870b65fbaf293796ef75641dca64ab139f558a730d66b?s=96&d=mm&r=g","caption":"SollerBenamunt"}}]}},"_links":{"self":[{"href":"https:\/\/sollerbenamunt.com\/es\/wp-json\/wp\/v2\/posts\/18009","targetHints":{"allow":["GET"]}}],"collection":[{"href":"https:\/\/sollerbenamunt.com\/es\/wp-json\/wp\/v2\/posts"}],"about":[{"href":"https:\/\/sollerbenamunt.com\/es\/wp-json\/wp\/v2\/types\/post"}],"author":[{"embeddable":true,"href":"https:\/\/sollerbenamunt.com\/es\/wp-json\/wp\/v2\/users\/2"}],"replies":[{"embeddable":true,"href":"https:\/\/sollerbenamunt.com\/es\/wp-json\/wp\/v2\/comments?post=18009"}],"version-history":[{"count":1,"href":"https:\/\/sollerbenamunt.com\/es\/wp-json\/wp\/v2\/posts\/18009\/revisions"}],"predecessor-version":[{"id":18010,"href":"https:\/\/sollerbenamunt.com\/es\/wp-json\/wp\/v2\/posts\/18009\/revisions\/18010"}],"wp:featuredmedia":[{"embeddable":true,"href":"https:\/\/sollerbenamunt.com\/es\/wp-json\/wp\/v2\/media\/17986"}],"wp:attachment":[{"href":"https:\/\/sollerbenamunt.com\/es\/wp-json\/wp\/v2\/media?parent=18009"}],"wp:term":[{"taxonomy":"category","embeddable":true,"href":"https:\/\/sollerbenamunt.com\/es\/wp-json\/wp\/v2\/categories?post=18009"},{"taxonomy":"post_tag","embeddable":true,"href":"https:\/\/sollerbenamunt.com\/es\/wp-json\/wp\/v2\/tags?post=18009"}],"curies":[{"name":"wp","href":"https:\/\/api.w.org\/{rel}","templated":true}]}}